{"id":8240,"date":"2019-07-26T16:30:00","date_gmt":"2019-07-26T16:30:00","guid":{"rendered":"http:\/\/www.revistadinamo.com\/?p=8240"},"modified":"2019-07-26T16:30:02","modified_gmt":"2019-07-26T16:30:02","slug":"cine-italiano-en-el-bellas-artes","status":"publish","type":"post","link":"https:\/\/www.revistadinamo.com\/?p=8240","title":{"rendered":"Cine italiano en el Bellas Artes"},"content":{"rendered":"\n<p style=\"text-align:left\">Con el objetivo de difundir el nuevo cine italiano, el Instituto Italiano de Cultura de Buenos Aires lanz\u00f3 el ciclo \u00abAl Cinema!\u00bb, que fue rotando en distintas sedes de la ciudad y de las provincias argentinas. Se trata de largometrajes estrenados entre 2014 y 2018. La cita en julio y agosto es en el cine del Museo de Bellas Artes, con entrada libre y gratuita.<\/p>\n\n\n\n<p style=\"text-align:center\"><img decoding=\"async\" loading=\"lazy\" width=\"1920\" height=\"1080\" class=\"wp-image-8241\" style=\"width: 640px;\" src=\"http:\/\/www.revistadinamo.com\/wp-content\/uploads\/2019\/07\/Bellas-artes.jpg\" alt=\"\" srcset=\"https:\/\/www.revistadinamo.com\/wp-content\/uploads\/2019\/07\/Bellas-artes.jpg 1920w, https:\/\/www.revistadinamo.com\/wp-content\/uploads\/2019\/07\/Bellas-artes-300x169.jpg 300w, https:\/\/www.revistadinamo.com\/wp-content\/uploads\/2019\/07\/Bellas-artes-768x432.jpg 768w, https:\/\/www.revistadinamo.com\/wp-content\/uploads\/2019\/07\/Bellas-artes-1024x576.jpg 1024w\" sizes=\"(max-width: 1920px) 100vw, 1920px\" \/><\/p>\n\n\n\n<p><strong>Viernes 26 de julio<\/strong><\/p>\n\n\n\n<p><strong>19.00 h<\/strong>.\u00a0<em>Sicilian Ghost Story<\/em>\u00a0(Italia, 2017, 122&#8242;). Direcci\u00f3n: Fabio Grassadonia, Antonio Piazza<\/p>\n\n\n\n<p><strong>S\u00e1bado 27 de julio<\/strong><\/p>\n\n\n\n<p><strong>20.00 h<\/strong>.&nbsp;<em>Amore che non sanno stare al mondo (Amores fr\u00e1giles)<\/em>&nbsp;(Italia, 2015, 92&#8242;). Direcci\u00f3n: Francesca Comencini&nbsp;<\/p>\n\n\n\n<p><strong>Viernes 2 de agosto<\/strong><\/p>\n\n\n\n<p><strong>19.00 h.<\/strong>&nbsp;<em>Le meraviglie (Las maravillas)<\/em>&nbsp;(Italia, 2014, 110&#8242;). Direcci\u00f3n: Alice Rohrwacher<\/p>\n\n\n\n<p><strong>S\u00e1bado 3 de agosto<\/strong><\/p>\n\n\n\n<p><strong>20.00 h<\/strong>.&nbsp;<em>Fai bei sogni (Dulces sue\u00f1os)<\/em>&nbsp;(Italia, 2016, 141&#8242;). Direcci\u00f3n: Marco Bellocchio&nbsp;<\/p>\n\n\n\n<p><strong>Viernes 9 de agosto<\/strong><\/p>\n\n\n\n<p><strong>19.00 h<\/strong>.&nbsp;<em>Io e Lei (Entre nosotras)<\/em>&nbsp;(Italia, 2015, 102&#8242;). Direcci\u00f3n: Maria Sole Tognazzi&nbsp;<\/p>\n\n\n\n<p><strong>S\u00e1bado 10 de agosto<\/strong><\/p>\n\n\n\n<p><strong>20.00 h<\/strong>.&nbsp;<em>Le meraviglie (Las maravillas)<\/em>&nbsp;(Italia, 2014, 110&#8242;). Direcci\u00f3n: Alice Rohrwacher<\/p>\n\n\n\n<p><strong>Viernes 16 de agosto<\/strong><\/p>\n\n\n\n<p><strong>19.00 h<\/strong>.\u00a0<em>Michelangelo Infinito<\/em>\u00a0(Italia, 2018, 95&#8242;). Direcci\u00f3n: Emanuele Imbucci<\/p>\n\n\n\n<p><strong>Museo Nacional de Bellas Artes<\/strong><br>Avenida del Libertador 1473, Buenos Aires<br><a href=\"http:\/\/www.mnba.org.ar\/\" target=\"_blank\" rel=\"noreferrer noopener\">Sitio del MNBA<\/a><\/p>\n","protected":false},"excerpt":{"rendered":"<p>Con el objetivo de difundir el nuevo cine italiano, el Instituto Italiano de Cultura de Buenos Aires lanz\u00f3 el ciclo \u00abAl Cinema!\u00bb, que fue rotando en distintas sedes de la ciudad y de las provincias argentinas. Se trata de largometrajes estrenados entre 2014 y 2018. La cita en julio y agosto es en el cine del Museo de Bellas Artes, con entrada libre y gratuita. Viernes 26 de julio 19.00 h.\u00a0Sicilian Ghost Story\u00a0(Italia, 2017, 122&#8242;). Direcci\u00f3n: Fabio Grassadonia, Antonio Piazza S\u00e1bado 27 de julio 20.00 h.&nbsp;Amore che non sanno stare al mondo (Amores fr\u00e1giles)&nbsp;(Italia, 2015, 92&#8242;). Direcci\u00f3n: Francesca Comencini&nbsp; Viernes 2 de agosto 19.00 h.&nbsp;Le meraviglie (Las maravillas)&nbsp;(Italia, 2014, 110&#8242;). Direcci\u00f3n: Alice Rohrwacher S\u00e1bado 3 de agosto 20.00 h.&nbsp;Fai bei sogni (Dulces sue\u00f1os)&nbsp;(Italia, 2016, 141&#8242;). Direcci\u00f3n: Marco Bellocchio&nbsp; Viernes 9 de agosto 19.00 h.&nbsp;Io e Lei (Entre nosotras)&nbsp;(Italia, 2015, 102&#8242;). Direcci\u00f3n: Maria Sole Tognazzi&nbsp; S\u00e1bado 10 de agosto 20.00 h.&nbsp;Le meraviglie (Las maravillas)&nbsp;(Italia, 2014, 110&#8242;). Direcci\u00f3n: Alice Rohrwacher Viernes 16 de agosto 19.00 h.\u00a0Michelangelo Infinito\u00a0(Italia, 2018, 95&#8242;). Direcci\u00f3n: Emanuele Imbucci Museo Nacional de Bellas ArtesAvenida del Libertador 1473, Buenos AiresSitio del MNBA<\/p>\n","protected":false},"author":4,"featured_media":8241,"comment_status":"open","ping_status":"closed","sticky":false,"template":"","format":"standard","meta":[],"categories":[6],"tags":[20],"_links":{"self":[{"href":"https:\/\/www.revistadinamo.com\/index.php?rest_route=\/wp\/v2\/posts\/8240"}],"collection":[{"href":"https:\/\/www.revistadinamo.com\/index.php?rest_route=\/wp\/v2\/posts"}],"about":[{"href":"https:\/\/www.revistadinamo.com\/index.php?rest_route=\/wp\/v2\/types\/post"}],"author":[{"embeddable":true,"href":"https:\/\/www.revistadinamo.com\/index.php?rest_route=\/wp\/v2\/users\/4"}],"replies":[{"embeddable":true,"href":"https:\/\/www.revistadinamo.com\/index.php?rest_route=%2Fwp%2Fv2%2Fcomments&post=8240"}],"version-history":[{"count":1,"href":"https:\/\/www.revistadinamo.com\/index.php?rest_route=\/wp\/v2\/posts\/8240\/revisions"}],"predecessor-version":[{"id":8242,"href":"https:\/\/www.revistadinamo.com\/index.php?rest_route=\/wp\/v2\/posts\/8240\/revisions\/8242"}],"wp:featuredmedia":[{"embeddable":true,"href":"https:\/\/www.revistadinamo.com\/index.php?rest_route=\/wp\/v2\/media\/8241"}],"wp:attachment":[{"href":"https:\/\/www.revistadinamo.com\/index.php?rest_route=%2Fwp%2Fv2%2Fmedia&parent=8240"}],"wp:term":[{"taxonomy":"category","embeddable":true,"href":"https:\/\/www.revistadinamo.com\/index.php?rest_route=%2Fwp%2Fv2%2Fcategories&post=8240"},{"taxonomy":"post_tag","embeddable":true,"href":"https:\/\/www.revistadinamo.com\/index.php?rest_route=%2Fwp%2Fv2%2Ftags&post=8240"}],"curies":[{"name":"wp","href":"https:\/\/api.w.org\/{rel}","templated":true}]}}