{"id":7836,"date":"2016-02-04T14:19:29","date_gmt":"2016-02-04T14:19:29","guid":{"rendered":"http:\/\/www.revistadinamo.com\/?p=7836"},"modified":"2016-02-04T14:19:29","modified_gmt":"2016-02-04T14:19:29","slug":"festival-de-verano-del-teatro-colon-gratuito","status":"publish","type":"post","link":"http:\/\/www.revistadinamo.com\/?p=7836","title":{"rendered":"Festival de Verano del Teatro Col\u00f3n &#8211; gratuito"},"content":{"rendered":"<p><img decoding=\"async\" loading=\"lazy\" src=\"http:\/\/www.revistadinamo.com\/wp-content\/uploads\/2016\/02\/teatro-colon-2.jpg\" alt=\"teatro colon 2\" width=\"710\" height=\"399\" class=\"aligncenter size-full wp-image-7837\" srcset=\"http:\/\/www.revistadinamo.com\/wp-content\/uploads\/2016\/02\/teatro-colon-2.jpg 710w, http:\/\/www.revistadinamo.com\/wp-content\/uploads\/2016\/02\/teatro-colon-2-300x169.jpg 300w\" sizes=\"(max-width: 710px) 100vw, 710px\" \/><\/p>\n<p>Del 14 al 28 de febrero el Teatro Col\u00f3n comienza su actividad en pleno verano con una serie de propuestas que colocan a esta sala en la m\u00e1s absoluta actualidad art\u00edstica. Una serie de espect\u00e1culos totalmente innovadores, situados en el cruce de diversos lenguajes y est\u00e9ticas, saldr\u00e1n al encuentro del oyente de manera directa y descontracturada, para invitar a un disfrute de nuestro arte desde un lugar distinto y fascinante.<\/p>\n<p>Este 20 de febrero, a las 20Hs, La Estable en Escena brindar\u00e1 \u00abEl Gran Vals\u00bb en Plaza Vaticano, al lado del Teatro Col\u00f3n.<\/p>\n<p>LA ESTABLE EN ESCENA: CONCIERTO 1<\/p>\n<p>\u201cEL GRAN VALS\u201d<\/p>\n<p>CARL MARIA VIN WEBER<br \/>\n(ARR. HECTOR BERLIOZ):<br \/>\nINVITACI\u00d3N A LA DANZA<\/p>\n<p>JOHANN STRAUSS (H)<br \/>\nA ORILLAS DEL HERMOSO DANUBIO AZUL<\/p>\n<p>FRANZ LISZT<br \/>\nVALS MEFISTO NO. 1<\/p>\n<p>RICHARD STRAUSS<br \/>\nVALSES DE \u201cEL CABALLERO DE LA ROSA\u201d, OP. 59<\/p>\n<p>DMITRI SHOSTAKOVICH<br \/>\nVALS DE LA SUITE DE JAZZ NO. 2<\/p>\n<p>MAURICE RAVEL<br \/>\nLA VALSE<\/p>\n<p>DIRECTOR<br \/>\nMario Perusso<\/p>\n<p>Entrada libre y gratuita<br \/>\nSe suspende por lluvia<br \/>\nPlaza Vaticano<br \/>\nViamonte, entre Cerrito y Libertad. Ciudad de Buenos Aires<\/p>\n","protected":false},"excerpt":{"rendered":"<p>Del 14 al 28 de febrero el Teatro Col\u00f3n comienza su actividad en pleno verano con una serie de propuestas que colocan a esta sala en la m\u00e1s absoluta actualidad art\u00edstica. Una serie de espect\u00e1culos totalmente innovadores, situados en el cruce de diversos lenguajes y est\u00e9ticas, saldr\u00e1n al encuentro del oyente de manera directa y descontracturada, para invitar a un disfrute de nuestro arte desde un lugar distinto y fascinante. Este 20 de febrero, a las 20Hs, La Estable en Escena brindar\u00e1 \u00abEl Gran Vals\u00bb en Plaza Vaticano, al lado del Teatro Col\u00f3n. LA ESTABLE EN ESCENA: CONCIERTO 1 \u201cEL GRAN VALS\u201d CARL MARIA VIN WEBER (ARR. HECTOR BERLIOZ): INVITACI\u00d3N A LA DANZA JOHANN STRAUSS (H) A ORILLAS DEL HERMOSO DANUBIO AZUL FRANZ LISZT VALS MEFISTO NO. 1 RICHARD STRAUSS VALSES DE \u201cEL CABALLERO DE LA ROSA\u201d, OP. 59 DMITRI SHOSTAKOVICH VALS DE LA SUITE DE JAZZ NO. 2 MAURICE RAVEL LA VALSE DIRECTOR Mario Perusso Entrada libre y gratuita Se suspende por lluvia Plaza Vaticano Viamonte, entre Cerrito y Libertad. Ciudad de Buenos Aires<\/p>\n","protected":false},"author":3,"featured_media":0,"comment_status":"open","ping_status":"closed","sticky":false,"template":"","format":"standard","meta":[],"categories":[6],"tags":[43,931,932,930,69,928,929],"_links":{"self":[{"href":"http:\/\/www.revistadinamo.com\/index.php?rest_route=\/wp\/v2\/posts\/7836"}],"collection":[{"href":"http:\/\/www.revistadinamo.com\/index.php?rest_route=\/wp\/v2\/posts"}],"about":[{"href":"http:\/\/www.revistadinamo.com\/index.php?rest_route=\/wp\/v2\/types\/post"}],"author":[{"embeddable":true,"href":"http:\/\/www.revistadinamo.com\/index.php?rest_route=\/wp\/v2\/users\/3"}],"replies":[{"embeddable":true,"href":"http:\/\/www.revistadinamo.com\/index.php?rest_route=%2Fwp%2Fv2%2Fcomments&post=7836"}],"version-history":[{"count":1,"href":"http:\/\/www.revistadinamo.com\/index.php?rest_route=\/wp\/v2\/posts\/7836\/revisions"}],"predecessor-version":[{"id":7838,"href":"http:\/\/www.revistadinamo.com\/index.php?rest_route=\/wp\/v2\/posts\/7836\/revisions\/7838"}],"wp:attachment":[{"href":"http:\/\/www.revistadinamo.com\/index.php?rest_route=%2Fwp%2Fv2%2Fmedia&parent=7836"}],"wp:term":[{"taxonomy":"category","embeddable":true,"href":"http:\/\/www.revistadinamo.com\/index.php?rest_route=%2Fwp%2Fv2%2Fcategories&post=7836"},{"taxonomy":"post_tag","embeddable":true,"href":"http:\/\/www.revistadinamo.com\/index.php?rest_route=%2Fwp%2Fv2%2Ftags&post=7836"}],"curies":[{"name":"wp","href":"https:\/\/api.w.org\/{rel}","templated":true}]}}