{"id":509,"date":"2011-04-14T01:00:49","date_gmt":"2011-04-14T01:00:49","guid":{"rendered":"http:\/\/www.revistadinamo.com\/?p=509"},"modified":"2011-04-14T01:00:49","modified_gmt":"2011-04-14T01:00:49","slug":"show-gratuito-de-anita-camera","status":"publish","type":"post","link":"http:\/\/www.revistadinamo.com\/?p=509","title":{"rendered":"Show gratuito de Anita C\u00e1mera"},"content":{"rendered":"<p>La joven cantante se presentar\u00e1 este s\u00e1bado a las 16.30 en Parque Centenario. Interpretar\u00e1 algunas canciones de su disco solista Historia.<\/p>\n<p>Por Agustina Ordoqui<\/p>\n<p><img decoding=\"async\" loading=\"lazy\" src=\"http:\/\/www.revistadinamo.com\/wp-content\/uploads\/2011\/04\/anacamera1.jpg\" alt=\"\" title=\"anacamera\" width=\"480\" height=\"368\" class=\"alignnone size-full wp-image-510\" \/><\/p>\n<p>Anita C\u00e1mera, promesa de la m\u00fasica marca nacional, presentar\u00e1 canciones de su disco <em>Historia<\/em> en lo que ser\u00e1 un espect\u00e1culo gratuito en Parque Centenario a las 16.30 horas. \u00abLa puesta en escena va a ser simple y va a estar como invitada Vico Alfonso. Adem\u00e1s de mis canciones, con la banda haremos covers de Edith Piaf, Janis Joplin, hasta Los redondos\u00bb, cuenta la artista.<\/p>\n<p>Bajo el sello discogr\u00e1fico digital Larala, C\u00e1mera se encuentra trabajando en su primer \u00e1lbum solista, luego de que formara parte de las bandas Los Twist, La Demanda y Contraviento. La cantante y pianista mezcla el estilo cl\u00e1sico con el rock y el pop. El show es sencillo, pero la voz es potente y original. Promete y cumple.<\/p>\n","protected":false},"excerpt":{"rendered":"<p>La joven cantante se presentar\u00e1 este s\u00e1bado a las 16.30 en Parque Centenario. Interpretar\u00e1 algunas canciones de su disco solista Historia. Por Agustina Ordoqui Anita C\u00e1mera, promesa de la m\u00fasica marca nacional, presentar\u00e1 canciones de su disco Historia en lo que ser\u00e1 un espect\u00e1culo gratuito en Parque Centenario a las 16.30 horas. \u00abLa puesta en escena va a ser simple y va a estar como invitada Vico Alfonso. Adem\u00e1s de mis canciones, con la banda haremos covers de Edith Piaf, Janis Joplin, hasta Los redondos\u00bb, cuenta la artista. Bajo el sello discogr\u00e1fico digital Larala, C\u00e1mera se encuentra trabajando en su primer \u00e1lbum solista, luego de que formara parte de las bandas Los Twist, La Demanda y Contraviento. La cantante y pianista mezcla el estilo cl\u00e1sico con el rock y el pop. El show es sencillo, pero la voz es potente y original. Promete y cumple.<\/p>\n","protected":false},"author":2,"featured_media":0,"comment_status":"open","ping_status":"open","sticky":false,"template":"","format":"standard","meta":[],"categories":[6],"tags":[16,59,69],"_links":{"self":[{"href":"http:\/\/www.revistadinamo.com\/index.php?rest_route=\/wp\/v2\/posts\/509"}],"collection":[{"href":"http:\/\/www.revistadinamo.com\/index.php?rest_route=\/wp\/v2\/posts"}],"about":[{"href":"http:\/\/www.revistadinamo.com\/index.php?rest_route=\/wp\/v2\/types\/post"}],"author":[{"embeddable":true,"href":"http:\/\/www.revistadinamo.com\/index.php?rest_route=\/wp\/v2\/users\/2"}],"replies":[{"embeddable":true,"href":"http:\/\/www.revistadinamo.com\/index.php?rest_route=%2Fwp%2Fv2%2Fcomments&post=509"}],"version-history":[{"count":0,"href":"http:\/\/www.revistadinamo.com\/index.php?rest_route=\/wp\/v2\/posts\/509\/revisions"}],"wp:attachment":[{"href":"http:\/\/www.revistadinamo.com\/index.php?rest_route=%2Fwp%2Fv2%2Fmedia&parent=509"}],"wp:term":[{"taxonomy":"category","embeddable":true,"href":"http:\/\/www.revistadinamo.com\/index.php?rest_route=%2Fwp%2Fv2%2Fcategories&post=509"},{"taxonomy":"post_tag","embeddable":true,"href":"http:\/\/www.revistadinamo.com\/index.php?rest_route=%2Fwp%2Fv2%2Ftags&post=509"}],"curies":[{"name":"wp","href":"https:\/\/api.w.org\/{rel}","templated":true}]}}