{"id":3930,"date":"2013-04-24T11:58:40","date_gmt":"2013-04-24T11:58:40","guid":{"rendered":"http:\/\/www.revistadinamo.com\/?p=3930"},"modified":"2013-04-24T16:16:43","modified_gmt":"2013-04-24T16:16:43","slug":"que-me-has-hecho-vida-mia","status":"publish","type":"post","link":"http:\/\/www.revistadinamo.com\/?p=3930","title":{"rendered":"Qu\u00e9 me has hecho, vida m\u00eda"},"content":{"rendered":"<p>La obra cuenta en c\u00f3digo de radioteatro la vida de la actriz Fanny Navarro. Revista D\u00ednamo entrevist\u00f3 a Mar\u00eda Merlino, una de las autoras del espect\u00e1culo y protagonista del mismo <\/p>\n<p>Por Gabriela Koolen<\/p>\n<p><img decoding=\"async\" loading=\"lazy\" src=\"http:\/\/www.revistadinamo.com\/wp-content\/uploads\/2013\/04\/MARIA-MERLINO-FOTOS-PRENSA-hernan-reig.jpg\" alt=\"MARIA MERLINO - FOTOS PRENSA - hernan reig\" width=\"480\" height=\"368\" class=\"aligncenter size-full wp-image-3932\" srcset=\"http:\/\/www.revistadinamo.com\/wp-content\/uploads\/2013\/04\/MARIA-MERLINO-FOTOS-PRENSA-hernan-reig.jpg 480w, http:\/\/www.revistadinamo.com\/wp-content\/uploads\/2013\/04\/MARIA-MERLINO-FOTOS-PRENSA-hernan-reig-300x230.jpg 300w\" sizes=\"(max-width: 480px) 100vw, 480px\" \/><\/p>\n<p><strong><em>Qu\u00e9 me has hecho, vida m\u00eda<\/em><\/strong> \u2013la obra teatral musical escrita por <strong>Marcelo Pitrola, Mar\u00eda Merlino y Diego Lerman<\/strong>&#8211; narra la historia de la estrella peronista <strong>Fanny Navarro<\/strong>. Este personaje, que tuvo una vida llena de contrastes, es interpretado por Mar\u00eda Merlino con una profundidad que conmueve. La puesta en escena bajo la direcci\u00f3n de Lerman -que incluye canciones de \u00e9poca- logra un tono personal e \u00edntimo absolutamente atrapante, sin perder de vista el clima de una \u00e9poca. <\/p>\n<p>Adem\u00e1s,<strong> la obra juega con el g\u00e9nero radioteatro<\/strong>, un cl\u00e1sico en extinci\u00f3n del que muchos seguramente escuchamos hablar, pero no todos pudimos experimentar \u2013y vale la pena la experiencia, especialmente porque el dise\u00f1o del sonido, a cargo de <strong>Joaqu\u00edn Segade<\/strong>, y su puesta en vivo es una de las grandes \u201cperlitas\u201d de la pieza. <strong>Revista D\u00ednamo <\/strong>entrevist\u00f3 a la protagonista e ide\u00f3loga de <em>Qu\u00e9 me has hecho, vida m\u00eda<\/em>, Mar\u00eda Merlino.<\/p>\n<p><strong>Revista D\u00ednamo: \u00bfQu\u00e9 te motiv\u00f3 a querer contar la historia de este personaje?<\/strong><br \/>\nMar\u00eda Merlino: En unas vacaciones le\u00ed en un diario una nota que hablaba de Fanny Navarro. Ah\u00ed contaba la <strong>historia de Juan Duarte y su relaci\u00f3n con Fanny y Elina Colomer, ese tri\u00e1ngulo amoroso<\/strong>. Fanny ya era una actriz conocida y querida por todo el mundo, pero cuando empez\u00f3 a tener una relaci\u00f3n con Juan Duarte su carrera se desarroll\u00f3 mucho m\u00e1s: conoci\u00f3 a Eva, presidi\u00f3 el Ateneo Cultural, y tuvo una funci\u00f3n p\u00fablica. Despu\u00e9s, cuando muri\u00f3 Eva, Per\u00f3n como que \u201cle solt\u00f3 la mano\u201d a Juan Duarte, y lo desvincularon. \u00c9l despu\u00e9s se suicid\u00f3 -o lo asesinaron, no se sabe bien- y <strong>ella cay\u00f3 totalmente en la desgracia, aislada por todo el mundo, no s\u00f3lo por los antiperonistas, sino por los mismos peronistas<\/strong>. Yo le\u00ed todo eso brevemente en esa nota, y me pareci\u00f3 una vida muy interesante, y me dieron ganas de seguir investigando. Se lo dije a Diego Lerman, le gust\u00f3 la idea, convocamos a Marcelo Pitrola, y empezamos a investigar sobre la vida de Fanny, el peronismo, y los efectos del radioteatro. Investigamos sobre esas tres l\u00edneas durante un a\u00f1o y medio m\u00e1s o menos, y fuimos escribiendo la obra. <\/p>\n<p><strong>RD: \u00bfC\u00f3mo fue el proceso de escritura de una obra sobre un personaje real?<\/strong><br \/>\nMM: Hay cosas que son reales en la obra, y otras que son inventadas a partir de algo que s\u00ed pas\u00f3. Es una obra de teatro, entonces hay muchas cosas que tienen que ver con la vida de ella, que por ah\u00ed no est\u00e1n exactamente igual. Tambi\u00e9n hay muchas cosas que quedaron afuera, porque hubo que elegir. <\/p>\n<p><strong>RD: \u00bfC\u00f3mo fue tu experiencia como actriz a la hora de componer este personaje?<\/strong><br \/>\nMM: En un principio, part\u00eda de la base de que yo no era nada parecida f\u00edsicamente a Fanny Navarro, por lo que no me interesaba la imitaci\u00f3n. Adem\u00e1s, no la conoc\u00eda m\u00e1s que por ver videos en Youtube y pel\u00edculas de ella.<strong> Trabaj\u00e9 con todo eso para el personaje como una inspiraci\u00f3n<\/strong>. Despu\u00e9s, con el vestuario, la peluca y el maquillaje, ahora hasta me veo parecida. Eso fue muy loco. Incluso gente que la conoci\u00f3 me dice que por momentos soy igual. <\/p>\n<p><strong>RD: \u00bfTe gusta Fanny como actriz?<\/strong><br \/>\nMM: S\u00ed, me da pena, porque termin\u00f3 muy mal. Era una actriz muy intensa, que le gustaba much\u00edsimo ser actriz, y que eso era su vocaci\u00f3n real. Pudo haber elegido casarse y quedarse en Mendoza con un estanciero, pero se aburri\u00f3 y se volvi\u00f3, quiso seguir ac\u00e1, con su carrera. <strong>No tuvo mucha suerte en el amor, fue una actriz muy pasional<\/strong>.<\/p>\n<p><img decoding=\"async\" loading=\"lazy\" src=\"http:\/\/www.revistadinamo.com\/wp-content\/uploads\/2013\/04\/MARIA-MERLINO-CREDITOS-de-HERNAN-REIG.jpg\" alt=\"MARIA MERLINO - CREDITOS de HERNAN REIG\" width=\"480\" height=\"368\" class=\"aligncenter size-full wp-image-3931\" srcset=\"http:\/\/www.revistadinamo.com\/wp-content\/uploads\/2013\/04\/MARIA-MERLINO-CREDITOS-de-HERNAN-REIG.jpg 480w, http:\/\/www.revistadinamo.com\/wp-content\/uploads\/2013\/04\/MARIA-MERLINO-CREDITOS-de-HERNAN-REIG-300x230.jpg 300w\" sizes=\"(max-width: 480px) 100vw, 480px\" \/><\/p>\n<p><strong>RD: \u00bfPor qu\u00e9 eligieron usar el c\u00f3digo de radioteatro para contar esta historia?<\/strong><br \/>\nMM: Es algo que yo siempre quise laburar. Me hab\u00eda quedado pendiente, y nos metimos a investigar sobre eso, que es un mundo fascinante.<\/p>\n<p><strong>RD: \u00bfC\u00f3mo fue el armado del radioteatro y encontrar los sonidos?<\/strong><br \/>\nMM: La obra se iba armando de a escenas, a la par de los sonidos, y a veces los sonidos que \u00edbamos teniendo modificaban las escenas, el hecho de que lloviera o no, por ejemplo. Conseguimos unos casettes donde estaban los sonidos que hac\u00eda Ernesto Catal\u00e1n, y tambi\u00e9n hab\u00eda cosas que hab\u00eda que ver c\u00f3mo se encontraban. Entonces, Diego le ped\u00eda a Joaqu\u00edn Segade: \u201cPara la pr\u00f3xima tra\u00e9 ocho sonidos nuevos\u201d; y \u00e9l inventaba, o tra\u00eda cositas que pod\u00edan sonar, m\u00e1s all\u00e1 de lo que se pod\u00eda ver en los videos de Catal\u00e1n. Hay un video de Catal\u00e1n donde le preguntan cu\u00e1l es el sonido que todav\u00eda no logr\u00f3, y \u00e9l dice que el tren. Y Joaqu\u00edn hace un tren impresionante, con dos lijas, que se le ocurri\u00f3 a \u00e9l.<br \/>\n<strong><br \/>\nRD: \u00bfC\u00f3mo surgi\u00f3 el tema de la m\u00fasica y el hecho de cantar en la obra?<br \/>\n<\/strong>MM: Fanny cantaba en varias pel\u00edculas y en el teatro tambi\u00e9n, as\u00ed que bueno, se dio. Yo ya hab\u00eda cantado en <em>Nada del amor me produce envidia<\/em>. La selecci\u00f3n de los temas tambi\u00e9n es otra parte s\u00faper importante, que a m\u00ed me encanta. Me da mucho placer elegir qu\u00e9 tema es conveniente, y cu\u00e1ndo. <strong>Si escucho la canci\u00f3n y se me cae la l\u00e1grima, o se me pone la piel de gallina, la elij<\/strong>o. As\u00ed voy buscando, y as\u00ed es como encontr\u00e9 \u201cDesd\u00e9n\u201d y \u201cPor qu\u00e9\u201d, por ejemplo. Tambi\u00e9n redescubr\u00ed a Mercedes Simone, que me parece impresionante. <\/p>\n<p><strong>RD: \u00bfC\u00f3mo te sent\u00eds con el resultado de todo el proceso en las funciones?<\/strong><br \/>\nMM: Estar involucrado en todo est\u00e1 buen\u00edsimo, aunque tambi\u00e9n es agotador, pero es as\u00ed como me gusta trabajar. <strong>Al personaje de Fanny me encanta hacerlo, lo disfruto much\u00edsimo<\/strong>. Como actriz, tiene de todo. En los 70 minutos que dura la obra hay un mont\u00f3n de cosas para hacer. Es una panzada para una actriz, desde bailar hasta cantar, y poder pasar tambi\u00e9n por mucho humor. Esto es lo que yo quer\u00eda, y es parte tambi\u00e9n de un enorme trabajo de equipo. Adem\u00e1s, me siento s\u00faper acompa\u00f1ada por el sonido, no podr\u00eda hacerla sin el sost\u00e9n de lo sonoro, y de Joaqu\u00edn. Estamos como sincronizados. <\/p>\n<p><strong>RD: \u00bfEst\u00e1s preparando alg\u00fan otro proyecto a futuro?<\/strong><br \/>\nMM: S\u00ed, adem\u00e1s de la seguir con la obra, estamos con el guitarrista Rafael Varela (a cargo de la m\u00fasica y arreglos de Qu\u00e9 me has hecho, vida m\u00eda), haciendo un proyecto s\u00f3lo musical. Es un espect\u00e1culo musical, como un homenaje a las cancionistas de los a\u00f1os 30\u2019, donde canto, con otros dos guitarristas y un guitarr\u00f3n. Estaremos el 19 de mayo en La Carpinter\u00eda, y la idea es seguir con eso tambi\u00e9n.<\/p>\n<p><img decoding=\"async\" loading=\"lazy\" src=\"http:\/\/www.revistadinamo.com\/wp-content\/uploads\/2013\/04\/MARIA-MERLINO-FOTOS-PRENSA-hernan-reig.jpg\" alt=\"MARIA MERLINO - FOTOS PRENSA - hernan reig\" width=\"480\" height=\"368\" class=\"aligncenter size-large wp-image-3932\" srcset=\"http:\/\/www.revistadinamo.com\/wp-content\/uploads\/2013\/04\/MARIA-MERLINO-FOTOS-PRENSA-hernan-reig.jpg 480w, http:\/\/www.revistadinamo.com\/wp-content\/uploads\/2013\/04\/MARIA-MERLINO-FOTOS-PRENSA-hernan-reig-300x230.jpg 300w\" sizes=\"(max-width: 480px) 100vw, 480px\" \/><\/p>\n<p><strong>Funciones<\/strong><br \/>\nViernes y s\u00e1bados a las 20hs- Teatro La Carpinter\u00eda, Jean Jaures 858<br \/>\nEntradas: $70 y $40 con descuento<br \/>\nReservas y venta anticipada: <a href=\"http:\/\/www.alternativateatral.com\/obra24302-que-me-has-hecho-vida-mia\" target=\"_blank\">Alternativa Teatral<\/a> y en el teatro a partir de las 19 horas.<\/p>\n<p><a href=\"http:\/\/mapa.buenosaires.gob.ar\/?lat=103192.525278&#038;lon=105112.015838&#038;zl=7&#038;map=default&#038;ver=2&#038;dir=2113%3A960:El Camar\u00edn de las Musas:0@dependencias_culturales|1211:El%20Camar%C3%ADn%20de%20las%20Musas*10006%3A858:La Carpinter\u00eda Teatro:0@dependencias_culturales|1212:La%20Carpinter%C3%ADa%20Teatro\" target=\"_blank\">\u00bfC\u00f3mo llegar?<\/a><\/p>\n<p>Fotos 1 y 2 de Hern\u00e1n Reig<\/p>\n<p><strong>Notas relacionadas<\/strong><br \/>\n<a href=\"http:\/\/www.revistadinamo.com\/?p=3842\" target=\"_blank\">Danzon Park: el h\u00e9roe que se mata a s\u00ed mismo<\/a><br \/>\n<a href=\"http:\/\/www.revistadinamo.com\/?p=3799\" target=\"_blank\">La Colecci\u00f3n: infidelidad como denominador com\u00fan<\/a><br \/>\n<a href=\"http:\/\/www.revistadinamo.com\/?p=3737\" title=\"Ar\u00edstides Vargas, el dramaturgo del exilio\" target=\"_blank\">Ar\u00edstides Vargas, el dramaturgo del exilio<\/a><br \/>\n<a href=\"http:\/\/www.revistadinamo.com\/?p=3704\">El Partener, la b\u00fasqueda del amor paterno<\/a><\/p>\n","protected":false},"excerpt":{"rendered":"<p>La obra cuenta en c\u00f3digo de radioteatro la vida de la actriz Fanny Navarro. Revista D\u00ednamo entrevist\u00f3 a Mar\u00eda Merlino, una de las autoras del espect\u00e1culo y protagonista del mismo Por Gabriela Koolen Qu\u00e9 me has hecho, vida m\u00eda \u2013la obra teatral musical escrita por Marcelo Pitrola, Mar\u00eda Merlino y Diego Lerman&#8211; narra la historia de la estrella peronista Fanny Navarro. Este personaje, que tuvo una vida llena de contrastes, es interpretado por Mar\u00eda Merlino con una profundidad que conmueve. La puesta en escena bajo la direcci\u00f3n de Lerman -que incluye canciones de \u00e9poca- logra un tono personal e \u00edntimo absolutamente atrapante, sin perder de vista el clima de una \u00e9poca. Adem\u00e1s, la obra juega con el g\u00e9nero radioteatro, un cl\u00e1sico en extinci\u00f3n del que muchos seguramente escuchamos hablar, pero no todos pudimos experimentar \u2013y vale la pena la experiencia, especialmente porque el dise\u00f1o del sonido, a cargo de Joaqu\u00edn Segade, y su puesta en vivo es una de las grandes \u201cperlitas\u201d de la pieza. Revista D\u00ednamo entrevist\u00f3 a la protagonista e ide\u00f3loga de Qu\u00e9 me has hecho, vida m\u00eda, Mar\u00eda Merlino. Revista D\u00ednamo: \u00bfQu\u00e9 te motiv\u00f3 a querer contar la historia de este personaje? Mar\u00eda Merlino: En unas vacaciones [&hellip;]<\/p>\n","protected":false},"author":4,"featured_media":0,"comment_status":"open","ping_status":"closed","sticky":false,"template":"","format":"standard","meta":[],"categories":[5],"tags":[151,87],"_links":{"self":[{"href":"http:\/\/www.revistadinamo.com\/index.php?rest_route=\/wp\/v2\/posts\/3930"}],"collection":[{"href":"http:\/\/www.revistadinamo.com\/index.php?rest_route=\/wp\/v2\/posts"}],"about":[{"href":"http:\/\/www.revistadinamo.com\/index.php?rest_route=\/wp\/v2\/types\/post"}],"author":[{"embeddable":true,"href":"http:\/\/www.revistadinamo.com\/index.php?rest_route=\/wp\/v2\/users\/4"}],"replies":[{"embeddable":true,"href":"http:\/\/www.revistadinamo.com\/index.php?rest_route=%2Fwp%2Fv2%2Fcomments&post=3930"}],"version-history":[{"count":10,"href":"http:\/\/www.revistadinamo.com\/index.php?rest_route=\/wp\/v2\/posts\/3930\/revisions"}],"predecessor-version":[{"id":3942,"href":"http:\/\/www.revistadinamo.com\/index.php?rest_route=\/wp\/v2\/posts\/3930\/revisions\/3942"}],"wp:attachment":[{"href":"http:\/\/www.revistadinamo.com\/index.php?rest_route=%2Fwp%2Fv2%2Fmedia&parent=3930"}],"wp:term":[{"taxonomy":"category","embeddable":true,"href":"http:\/\/www.revistadinamo.com\/index.php?rest_route=%2Fwp%2Fv2%2Fcategories&post=3930"},{"taxonomy":"post_tag","embeddable":true,"href":"http:\/\/www.revistadinamo.com\/index.php?rest_route=%2Fwp%2Fv2%2Ftags&post=3930"}],"curies":[{"name":"wp","href":"https:\/\/api.w.org\/{rel}","templated":true}]}}