{"id":338,"date":"2011-03-28T02:33:33","date_gmt":"2011-03-28T02:33:33","guid":{"rendered":"http:\/\/www.revistadinamo.com\/?p=338"},"modified":"2011-03-28T02:33:33","modified_gmt":"2011-03-28T02:33:33","slug":"dependientes-del-cine-independiente","status":"publish","type":"post","link":"http:\/\/www.revistadinamo.com\/?p=338","title":{"rendered":"Dependientes del cine independiente"},"content":{"rendered":"<p>Los cin\u00e9filos celebran la llegada de la 13\u00ba edici\u00f3n del BAFICI, que empieza el 6 de abril. Hoy se ponen a la venta las entradas anticipadas. D\u00ednamo hizo una selecci\u00f3n d\u00eda por d\u00eda.<\/p>\n<p>Por Agustina Ordoqui con la colaboraci\u00f3n de Paula N\u00fa\u00f1ez, Mail\u00e9n Pak y Luj\u00e1n Torralba<\/p>\n<p><img decoding=\"async\" loading=\"lazy\" src=\"http:\/\/www.revistadinamo.com\/wp-content\/uploads\/2011\/03\/13-BAFICI-Presentacion-del-Festival11.jpg\" alt=\"\" title=\"13-BAFICI-Presentacion-del-Festival\" width=\"480\" height=\"368\" class=\"alignnone size-full wp-image-354\" \/><\/p>\n<p>Falta poco para que empiece la 13\u00b0 edici\u00f3n del Festival Internacional de Cine Independiente de Buenos Aires \u2013BAFICI, para los amigos-y los m\u00e1s cin\u00e9filos se aprestan a ponerse en la l\u00ednea de largada. Es que hoy se ponen a la venta las entradas anticipadas y, como en una carrera, el que no llega primero, corre el riesgo de quedarse sin pel\u00edcula. La meta, o punto de compra, son el Abasto y la Casa de la Cultura, Avenida de Mayo 575, desde las 10 de la ma\u00f1ana.<\/p>\n<p>Con una demanda creciente de espectadores, este a\u00f1o, el BAFICI se dividir\u00e1 entre las cl\u00e1sicas competencias \u2013internacional y nacional- y los ciclos de directores, junto con las secciones de <strong>Panorama<\/strong>, que engloban al cine contempor\u00e1neo extranjero. En total, del 6 al 17 de abril, se exhibir\u00e1n 426 films.<\/p>\n<p>Dentro de la competencia internacional, se destaca <em>Qu\u2019ils reposent en r\u00e9volte<\/em>, del franc\u00e9s Sylvain George, que ser\u00e1 estrenada mundialmente en el marco del festival y que documenta el modo de vida de un grupo de inmigrantes ilegales refugiados en el norte de Francia. Participar\u00e1n, adem\u00e1s, tres pel\u00edculas con el sello local: <em>Yatasto <\/em>(Hermes Parallelo), <em>El estudiante<\/em> (Santiago Mitre) y <em>Norberto apenas tarde <\/em>(Daniel Hendler).<\/p>\n<p>Por otro lado, en la nacional, competir\u00e1n once largometrajes marca argento. Tambi\u00e9n habr\u00e1 otras dos competencias, la de cortos argentinos y la de Cine del Futuro, con <em>Separado!<\/em>, dirigida y protagonizada por Dylan Goch y Gruff Rhys, como clara favorita.<\/p>\n<p>En <strong>Focos y Retrospectivas<\/strong>, se honrar\u00e1 a los franceses Jean-Luc Godard y Jaques Doillon, al japon\u00e9s Kij\u00fb Yoshida y al chileno Patricio Guzm\u00e1n, entre otros directores. Una sorpresa es Alberto Yaccelini, argentino residente en Francia, cuya filmograf\u00eda podr\u00e1 verse por primera vez en el pa\u00eds.<\/p>\n<p>La innovaci\u00f3n vendr\u00e1 por parte de <strong>Panorama<\/strong>, que incluye a m\u00e1s secciones para ordenar las pel\u00edculas extranjeras. Est\u00e1 <strong>Trayectorias<\/strong>, dedicado a las nuevas producciones de directores reconocidos, como <em>Katka <\/em>de la checa Helena Trestikov\u00e1. <strong>La Tierra tiembla<\/strong> conglomera los films de mayor tinte pol\u00edtico: conflictos pol\u00edticos y sociales y cuestiones ambientales. Para no perderse, <em>Peque\u00f1as voces<\/em> de Jairo Eduardo Carrillo, sobre los ni\u00f1os v\u00edctimas de la violencia en Colombia.<\/p>\n<p>Las nuevas son <strong>Arte y aparte<\/strong>, <strong>Elegante Sport<\/strong>, <strong>Corazones<\/strong> y <strong>Flashback<\/strong>. La primera, como dice su nombre, estar\u00e1 centrada en la vida de artistas, mientras que Elegante Sport contiene las pel\u00edculas deportivas. Corazones, para los melosos y Flashback, para los memoriosos.<\/p>\n<p><strong>Recomendaciones d\u00eda por d\u00eda<\/strong><\/p>\n<p>Mi\u00e9rcoles 6\/4. Sin pel\u00edculas a la venta.<\/p>\n<p>Jueves 7\/4. <strong>Copie Conforme<\/strong>, de Abbas Kiarostami (Francia\/Italia, 2010): Filmada en la Toscana, narra la historia de amor entre un escritor ingl\u00e9s y una mujer que trabaja en una galer\u00eda de arte en Francia. Recibi\u00f3 el premio a mejor actriz en el Festival de Cannes por la actuaci\u00f3n de Juliette Binoche. <em>Trayectorias<\/em>. Hoyts Abasto, 14:45 hs.<\/p>\n<p>Viernes 8\/4. <strong>Aurora<\/strong>, de Criti Puiu (Alemania\/Francia\/Suiza\/Rumania, 2011): Un hombre despierta en una casa que no es la suya, al lado de una mujer que no conoce. Tres horas de pura intriga y misterio. <em>Panorama<\/em>. Alianza Francesa, 13 hs.<\/p>\n<p>S\u00e1bado 9\/4. <strong>Essential Killing<\/strong>, de Jerzy Skolimowski (Polonia\/Noruega\/ Irlanda\/Hungr\u00eda, 2010): Ganadora como mejor pel\u00edcula en el Festival de Mar del Plata, es una de acci\u00f3n. Todo comienza en las monta\u00f1as afganas, donde un guerrillero talib\u00e1n es capturado. Torturado e interrogado por los militares, es trasladado a una de las bases de m\u00e1xima seguridad en el este de Europa, de la que luego se fuga. <em>Trayectorias<\/em>. Hoyts Abasto, 20:15 hs.<\/p>\n<p>Domingo 10\/4. <strong>Finisterrae<\/strong>, de Sergio Caballero (Espa\u00f1a, 2010): Esta pel\u00edcula, ganadora del Premio Tiger del \u00faltimo Festival de Cine de Rotterdam (por lo que habr\u00e1 que tenerla en cuenta) tiene una sinopsis tan corta como intrigante: Finisterrae narra la historia de dos fantasmas que deciden realizar el Camino de Santiago hasta el fin del mundo para, una vez all\u00ed, empezar una etapa terrenal y ef\u00edmera en el mundo de los vivos. <em>Cine del Futuro<\/em>. Hoyts Abasto, 23:45 hs.<\/p>\n<p>Lunes 11\/4. <strong>Medianeras<\/strong>, de Gustavo Taretto (Argentina\/Alemania\/Espa\u00f1a, 2011): Un recorrido por los balcones de edificios lleva a las ventanas de Mariana y Mart\u00edn, dos almas gemelas que a\u00fan no cruzaron sus caminos. <em>Funci\u00f3n especial<\/em>. Hoyts Abasto, 22 hs.<\/p>\n<p>Martes 12\/4. <strong>Mit\u00f3mana<\/strong>, de Jos\u00e9 Luis Sep\u00falveda y Carolina Adriazola (Chile, 2011): Cuenta la historia de Lattus, una actriz que confunde la realidad con la ficci\u00f3n y deambula por los distintos rincones de la ciudad para probar sus personajes. <em>Panorama<\/em>. Hoyts Abasto, 23:15 hs.<\/p>\n<p>Mi\u00e9rcoles 13\/4. <strong>Ponette<\/strong>, Jacques Doillon  (Francia, 1995): Ponette, una nena de cuatro a\u00f1os, deber\u00e1 enfrentar la dif\u00edcil situaci\u00f3n de la muerte de su madre. Su familia trata de explicarle y su t\u00eda le habla de Jes\u00fas y de la resurrecci\u00f3n. As\u00ed es como Ponette tratar\u00e1 incansablemente de resucitar a su madre, con la ayuda de Ada, una amiga. No se pierdan la actuaci\u00f3n de Victoire Thivisol (Ponette), que con s\u00f3lo 4 a\u00f1os se convirti\u00f3 en la ganadora m\u00e1s joven del premio a mejor actriz del Festival de Venecia. <em>Focos y Retrospectivas<\/em>. Hoyts Abasto, 14:15 hs.<\/p>\n<p>Jueves 14\/4. <strong>El hombre que pod\u00eda recordar sus vidas pasadas (T\u00edo Boonme)<\/strong>, de Apichatpong Weerasethakul (Reino Unido\/Tailandia\/Alemania\/Francia\/Espa\u00f1a, 2010): Ganadora de la Palma de Oro del Festival de Cannes, arranca con una charla en el quincho de una casa entre el t\u00edo Boonme y extra\u00f1os personajes como su esposa muerta y su hijo, convertido en una criatura m\u00edtica. \u00c9l rememora sus vidas pasadas, jugando con la fantas\u00eda y la realidad. <em>Trayectorias<\/em>. Hoyts Abasto, 22:15 hs.<\/p>\n<p>Viernes 15\/4. <strong>Good Morningo to the World!!<\/strong>, de Satoru Hirohara (Jap\u00f3n, 2010): Es la historia de un solitario adolescente quien descubre el mundo, como dice el t\u00edtulo de la pel\u00edcula, cuando se sumerge en la aventura de encontrar a la familia de un linyera que aparece muerto en un t\u00fanel.<em> Cine del Futuro<\/em>. Malba, 19: 45 hs.<\/p>\n<p>S\u00e1bado 16\/4. <strong>The Apple and the worm<\/strong>, de Anders Morgenthaler (Dinamarca, 2009): La manzana Torben es una fruta que le teme a la enfermedad, c\u00ednica y ansiosa cuya ambici\u00f3n es ser la manzana m\u00e1s hermosa del supermercado pero en su trayecto se cruza con un el gusano Sylvia que le cambia la vida. <em>Baficito<\/em>. Al aire libre. Plaza San Mart\u00edn de Tours, 1945 hs. Se exhibe con la 2da parte de Expotoons 2010.<\/p>\n<p>Domingo 17\/4.<strong> Mensajero<\/strong>, de Mart\u00edn Sola (Argentina\/Alemania\/Espa\u00f1a, 2010): El largometraje, ganador de los subsidios del Fondo Metropolitano del gobierno porte\u00f1o, es un viaje en todo sentido. Por un lado, el camino que recorre Rodrigo, un mensajero de una comunidad pune\u00f1a que decide ir a trabajar a una salina y, por otro, el del espectador que incursiona en una odisea de im\u00e1genes sensoriales. <em>Cine del Futuro<\/em>. Hoyts Abasto, 12hs.<\/p>\n<p>Para ver la programaci\u00f3n completa: <a href=\"http:\/\/www.bafici.gov.ar\/home11\/web\/es\/films\/index.html\">http:\/\/www.bafici.gov.ar\/home11\/web\/es\/films\/index.html<\/a><\/p>\n<p>Entradas generales: 12 pesos \/ Estudiantes y jubilados con carnet o libreta: $10.-<br \/>\nSe adquieren anticipadas en el Abasto Shopping o en la Casa de la Cultura, Av. de Mayo 575.<br \/>\nTambi\u00e9n por Internet, con opci\u00f3n de consultar la disponibilidad: <a href=\"http:\/\/www.festivales.gob.ar\">www.festivales.gob.ar<\/a><br \/>\nDurante el festival, en todos los puntos donde se realiza (Hoyts Abasto, Atlas Santa Fe, Arteplex Belgrano, Complejo Cultural 25 de Mayo, Teatro San Mart\u00edn, Malba, Alianza Francesa, Cine Cosmos, Fundaci\u00f3n Proa).<\/p>\n<p><a href=\"http:\/\/www.revistadinamo.com\/wp-content\/uploads\/2011\/03\/bafici-21.jpg\"><img decoding=\"async\" loading=\"lazy\" src=\"http:\/\/www.revistadinamo.com\/wp-content\/uploads\/2011\/03\/bafici-21.jpg\" alt=\"\" title=\"bafici 2\" width=\"568\" height=\"424\" class=\"alignnone size-full wp-image-341\" \/><\/a><\/p>\n","protected":false},"excerpt":{"rendered":"<p>Los cin\u00e9filos celebran la llegada de la 13\u00ba edici\u00f3n del BAFICI, que empieza el 6 de abril. Hoy se ponen a la venta las entradas anticipadas. D\u00ednamo hizo una selecci\u00f3n d\u00eda por d\u00eda. Por Agustina Ordoqui con la colaboraci\u00f3n de Paula N\u00fa\u00f1ez, Mail\u00e9n Pak y Luj\u00e1n Torralba Falta poco para que empiece la 13\u00b0 edici\u00f3n del Festival Internacional de Cine Independiente de Buenos Aires \u2013BAFICI, para los amigos-y los m\u00e1s cin\u00e9filos se aprestan a ponerse en la l\u00ednea de largada. Es que hoy se ponen a la venta las entradas anticipadas y, como en una carrera, el que no llega primero, corre el riesgo de quedarse sin pel\u00edcula. La meta, o punto de compra, son el Abasto y la Casa de la Cultura, Avenida de Mayo 575, desde las 10 de la ma\u00f1ana. Con una demanda creciente de espectadores, este a\u00f1o, el BAFICI se dividir\u00e1 entre las cl\u00e1sicas competencias \u2013internacional y nacional- y los ciclos de directores, junto con las secciones de Panorama, que engloban al cine contempor\u00e1neo extranjero. En total, del 6 al 17 de abril, se exhibir\u00e1n 426 films. Dentro de la competencia internacional, se destaca Qu\u2019ils reposent en r\u00e9volte, del franc\u00e9s Sylvain George, que ser\u00e1 estrenada mundialmente [&hellip;]<\/p>\n","protected":false},"author":2,"featured_media":0,"comment_status":"open","ping_status":"open","sticky":false,"template":"","format":"standard","meta":[],"categories":[4],"tags":[13,16,20,27,43],"_links":{"self":[{"href":"http:\/\/www.revistadinamo.com\/index.php?rest_route=\/wp\/v2\/posts\/338"}],"collection":[{"href":"http:\/\/www.revistadinamo.com\/index.php?rest_route=\/wp\/v2\/posts"}],"about":[{"href":"http:\/\/www.revistadinamo.com\/index.php?rest_route=\/wp\/v2\/types\/post"}],"author":[{"embeddable":true,"href":"http:\/\/www.revistadinamo.com\/index.php?rest_route=\/wp\/v2\/users\/2"}],"replies":[{"embeddable":true,"href":"http:\/\/www.revistadinamo.com\/index.php?rest_route=%2Fwp%2Fv2%2Fcomments&post=338"}],"version-history":[{"count":0,"href":"http:\/\/www.revistadinamo.com\/index.php?rest_route=\/wp\/v2\/posts\/338\/revisions"}],"wp:attachment":[{"href":"http:\/\/www.revistadinamo.com\/index.php?rest_route=%2Fwp%2Fv2%2Fmedia&parent=338"}],"wp:term":[{"taxonomy":"category","embeddable":true,"href":"http:\/\/www.revistadinamo.com\/index.php?rest_route=%2Fwp%2Fv2%2Fcategories&post=338"},{"taxonomy":"post_tag","embeddable":true,"href":"http:\/\/www.revistadinamo.com\/index.php?rest_route=%2Fwp%2Fv2%2Ftags&post=338"}],"curies":[{"name":"wp","href":"https:\/\/api.w.org\/{rel}","templated":true}]}}